{"id":46,"date":"2010-09-30T09:31:00","date_gmt":"2010-09-30T09:31:00","guid":{"rendered":"http:\/\/www.renaudpradenc.com\/?p=46"},"modified":"2013-01-17T11:25:04","modified_gmt":"2013-01-17T10:25:04","slug":"box-e-commerce-la-poste","status":"publish","type":"post","link":"https:\/\/www.renaudpradenc.com\/?p=46","title":{"rendered":"Box e-commerce La Poste"},"content":{"rendered":"<p>Je me suis rendu la semaine derni\u00e8re au salon du e-commerce \u00e0 Paris, Porte de Versailles. J&#8217;\u00e9tais accompagn\u00e9 d&#8217;un ami qui veut monter un site de vente de luminaires. Voil\u00e0 des mois qu&#8217;il recherche une plateforme de vente correcte et dans ses moyens. Jusqu&#8217;alors, on lui a propos\u00e9 soit d&#8217;installer la boutique en ligne pour 4000 \u20ac, ou des forfaits \u00e0 200 \u20ac par mois. La seconde offre inclut l&#8217;h\u00e9bergement, mais on comprend vite qu&#8217;on va \u00eatre pieds et poings li\u00e9s.<\/p>\n<p>Pendant le salon, nous avons peu assister \u00e0 la pr\u00e9sentation de l&#8217;offre de la Poste, de la <a href=\"https:\/\/boxecommerce.laposte.fr\">Box e-commerce<\/a>. Je dois dire que mon impression est tr\u00e8s positive:<\/p>\n<ul>\n<li>les options de personnalisation du site sont nombreuses<br \/>\nUne vingtaine de th\u00e8mes sont propos\u00e9s, mais il est aussi possible de personnaliser la disposition, les couleurs et les images des pages. La Poste peut aussi vous mettre en relation avec un sous-traitant qui cr\u00e9era votre charte graphique.<\/li>\n<li>l&#8217;ergonomie est tr\u00e8s correcte<\/li>\n<li>Rien n&#8217;est parfait, mais il n&#8217;y a pas trop de bizarreries, et l&#8217;organisation est claire.<\/li>\n<li>l&#8217;assistance t\u00e9l\u00e9phonique est gratuite<\/li>\n<li>Il me semble que c&#8217;est un gros point fort.<\/li>\n<li>le prix est imbattable: 39,90 \u20ac \/ mois<\/li>\n<\/ul>\n<p>On peut se demander que vient faire la Poste dans le secteur de l&#8217;e-commerce; en fait c&#8217;est tr\u00e8s malin de leur part. Tout est fait dans leur offre pour que vous privil\u00e9giez leurs services ! Par exemple, l&#8217;int\u00e9gration avec Colissimo est tr\u00e8s pouss\u00e9e. Quand on sait que le volume du courrier a tendance \u00e0 baisser, mais que jamais autant de colis n&#8217;ont \u00e9t\u00e9 livr\u00e9s, c&#8217;est le moment pour la Poste de s&#8217;installer sur le march\u00e9 avant que les concurrents \u00e9trangers viennent prendre leur part du g\u00e2teau.<\/p>\n<p>Vous pouvez vous faire votre propre opinion <a href=\"https:\/\/boxecommerce.laposte.fr\/inscription\/boutique\">en essayant la plateforme de vente<\/a> gratuitement pendant un mois. Je crois que mon ami a enfin trouv\u00e9 l&#8217;offre qu&#8217;il recherchait.<\/p>\n","protected":false},"excerpt":{"rendered":"<p>Je me suis rendu la semaine derni\u00e8re au salon du e-commerce \u00e0 Paris, Porte de Versailles. J&#8217;\u00e9tais accompagn\u00e9 d&#8217;un ami qui veut monter un site de vente de luminaires. Voil\u00e0 des mois qu&#8217;il recherche une plateforme de vente correcte et dans ses moyens. Jusqu&#8217;alors, on lui a propos\u00e9 soit d&#8217;installer la boutique en ligne pour [&hellip;]<\/p>\n","protected":false},"author":1,"featured_media":0,"comment_status":"open","ping_status":"open","sticky":false,"template":"","format":"standard","meta":{"footnotes":""},"categories":[1],"tags":[],"class_list":["post-46","post","type-post","status-publish","format-standard","hentry","category-uncategorized"],"_links":{"self":[{"href":"https:\/\/www.renaudpradenc.com\/index.php?rest_route=\/wp\/v2\/posts\/46","targetHints":{"allow":["GET"]}}],"collection":[{"href":"https:\/\/www.renaudpradenc.com\/index.php?rest_route=\/wp\/v2\/posts"}],"about":[{"href":"https:\/\/www.renaudpradenc.com\/index.php?rest_route=\/wp\/v2\/types\/post"}],"author":[{"embeddable":true,"href":"https:\/\/www.renaudpradenc.com\/index.php?rest_route=\/wp\/v2\/users\/1"}],"replies":[{"embeddable":true,"href":"https:\/\/www.renaudpradenc.com\/index.php?rest_route=%2Fwp%2Fv2%2Fcomments&post=46"}],"version-history":[{"count":3,"href":"https:\/\/www.renaudpradenc.com\/index.php?rest_route=\/wp\/v2\/posts\/46\/revisions"}],"predecessor-version":[{"id":120,"href":"https:\/\/www.renaudpradenc.com\/index.php?rest_route=\/wp\/v2\/posts\/46\/revisions\/120"}],"wp:attachment":[{"href":"https:\/\/www.renaudpradenc.com\/index.php?rest_route=%2Fwp%2Fv2%2Fmedia&parent=46"}],"wp:term":[{"taxonomy":"category","embeddable":true,"href":"https:\/\/www.renaudpradenc.com\/index.php?rest_route=%2Fwp%2Fv2%2Fcategories&post=46"},{"taxonomy":"post_tag","embeddable":true,"href":"https:\/\/www.renaudpradenc.com\/index.php?rest_route=%2Fwp%2Fv2%2Ftags&post=46"}],"curies":[{"name":"wp","href":"https:\/\/api.w.org\/{rel}","templated":true}]}}