{"id":14,"date":"2011-08-02T16:17:00","date_gmt":"2011-08-02T16:17:00","guid":{"rendered":"http:\/\/www.renaudpradenc.com\/?p=14"},"modified":"2013-01-17T15:33:25","modified_gmt":"2013-01-17T14:33:25","slug":"quelques-nouvelles","status":"publish","type":"post","link":"https:\/\/www.renaudpradenc.com\/?p=14","title":{"rendered":"Quelques nouvelles"},"content":{"rendered":"<p>Voil\u00e0 fort longtemps que je n&#8217;ai rien \u00e9crit sur ce blog. Ces derniers mois en fait furent tr\u00e8s occup\u00e9s.<\/p>\n<p>Tout d&#8217;abord, je donne dor\u00e9navant des <a href=\"http:\/\/mediabox.fr\/programme-apple-cocoa.html\">formations au d\u00e9veloppement sous iOS<\/a>\u00a0pour le compte de la soci\u00e9t\u00e9 <a href=\"http:\/\/mediabox.fr\">Mediabox<\/a>. Tout se passe bien: les gens de Mediabox sont sympas, les locaux sont nickels et en plus, on mange bien \u00e0 midi au bistrot du coin. Les premiers stagiaires que j&#8217;ai eu \u00e9taient motiv\u00e9s et nous sommes all\u00e9s quasiment au bout du programme de la formation, finalement tr\u00e8s charg\u00e9e (surtout apr\u00e8s le repas au bistrot, si on a pris une entr\u00e9e). Si \u00e7a vous int\u00e9resse, la prochaine session est d\u00e9j\u00e0 programm\u00e9e du 24 au 28 octobre.<\/p>\n<p>J&#8217;ai travaill\u00e9 sur la version iPad de PortraiMatic; non le projet n&#8217;est pas abandonn\u00e9, en fait, le logiciel tourne d\u00e9j\u00e0 plut\u00f4t correctement, il me reste un travail d&#8217;optimisation (m\u00e9moire et vitesse) et de finition avant de le proposer \u00e0 mes b\u00eatas testeurs en vacances.<\/p>\n<p>En parlant de vacances, les miennes sont termin\u00e9es. Peupeul a eu l&#8217;id\u00e9e de l\u00e2cher son nouveau f\u00e9lin &#8220;Lion&#8221; (Mac OS 10.7) pile au milieu de mon s\u00e9jour, si bien que je le d\u00e9couvre seulement aujourd&#8217;hui. Et \u00e9videmment, PortraiMatic est incompatible, alors que la transition de 10.5 \u00e0 10.6 s&#8217;\u00e9tait faite sans douleur. (D&#8217;accord, j&#8217;admets que c&#8217;est de ma faute, parce que je n&#8217;ai pas pris le temps de tester les b\u00eatas de Lion, mais quand m\u00eame, je me demande ce qu&#8217;ils ont chang\u00e9 pour que \u00e7a foire autant).<\/p>\n<p>Pour finir, je re-d\u00e9couvre Twitter. Vous pouvez dor\u00e9navant suivre mes aventures sous @renaudpradenc.<\/p>\n","protected":false},"excerpt":{"rendered":"<p>Voil\u00e0 fort longtemps que je n&#8217;ai rien \u00e9crit sur ce blog. Ces derniers mois en fait furent tr\u00e8s occup\u00e9s. Tout d&#8217;abord, je donne dor\u00e9navant des formations au d\u00e9veloppement sous iOS\u00a0pour le compte de la soci\u00e9t\u00e9 Mediabox. Tout se passe bien: les gens de Mediabox sont sympas, les locaux sont nickels et en plus, on mange [&hellip;]<\/p>\n","protected":false},"author":1,"featured_media":0,"comment_status":"open","ping_status":"closed","sticky":false,"template":"","format":"standard","meta":{"footnotes":""},"categories":[1],"tags":[24,33,35,34],"class_list":["post-14","post","type-post","status-publish","format-standard","hentry","category-uncategorized","tag-formation","tag-lion","tag-mediabox","tag-portraimatic"],"_links":{"self":[{"href":"https:\/\/www.renaudpradenc.com\/index.php?rest_route=\/wp\/v2\/posts\/14","targetHints":{"allow":["GET"]}}],"collection":[{"href":"https:\/\/www.renaudpradenc.com\/index.php?rest_route=\/wp\/v2\/posts"}],"about":[{"href":"https:\/\/www.renaudpradenc.com\/index.php?rest_route=\/wp\/v2\/types\/post"}],"author":[{"embeddable":true,"href":"https:\/\/www.renaudpradenc.com\/index.php?rest_route=\/wp\/v2\/users\/1"}],"replies":[{"embeddable":true,"href":"https:\/\/www.renaudpradenc.com\/index.php?rest_route=%2Fwp%2Fv2%2Fcomments&post=14"}],"version-history":[{"count":5,"href":"https:\/\/www.renaudpradenc.com\/index.php?rest_route=\/wp\/v2\/posts\/14\/revisions"}],"predecessor-version":[{"id":326,"href":"https:\/\/www.renaudpradenc.com\/index.php?rest_route=\/wp\/v2\/posts\/14\/revisions\/326"}],"wp:attachment":[{"href":"https:\/\/www.renaudpradenc.com\/index.php?rest_route=%2Fwp%2Fv2%2Fmedia&parent=14"}],"wp:term":[{"taxonomy":"category","embeddable":true,"href":"https:\/\/www.renaudpradenc.com\/index.php?rest_route=%2Fwp%2Fv2%2Fcategories&post=14"},{"taxonomy":"post_tag","embeddable":true,"href":"https:\/\/www.renaudpradenc.com\/index.php?rest_route=%2Fwp%2Fv2%2Ftags&post=14"}],"curies":[{"name":"wp","href":"https:\/\/api.w.org\/{rel}","templated":true}]}}