{"id":13,"date":"2011-03-02T14:52:00","date_gmt":"2011-03-02T14:52:00","guid":{"rendered":"http:\/\/www.renaudpradenc.com\/?p=13"},"modified":"2013-01-17T15:35:25","modified_gmt":"2013-01-17T14:35:25","slug":"bemyapp-4","status":"publish","type":"post","link":"https:\/\/www.renaudpradenc.com\/?p=13","title":{"rendered":"BeMyApp 4"},"content":{"rendered":"<p>Me voil\u00e0 bien en retard pour parler de ma participation au quatri\u00e8me <a href=\"http:\/\/fr.bemyapp.com\">BeMyApp<\/a>\u00a0qui eut lieu le week-end du 4 f\u00e9vrier. Rappelons qu\u2019il s\u2019agit d\u2019un concours consistant \u00e0 mettre au point une application mobile en un week-end. J\u2019avais d\u00e9j\u00e0 particip\u00e9 aux deux premi\u00e8res \u00e9ditions consacr\u00e9es \u00e0 l\u2019iPhone. Vous pourrez lire \u00e0 leur propos <a title=\"BeMyApp juin 2010\" href=\"https:\/\/www.renaudpradenc.com\/?p=19\">ici<\/a>\u00a0et <a title=\"R\u00e9sultats de BeMyApp octobre 2010\" href=\"https:\/\/www.renaudpradenc.com\/?p=7\">l\u00e0<\/a>.<\/p>\n<p>\u00c0 chaque \u00e9dition, nos deux comp\u00e8res, John et Cyril, tentent de nouvelles choses. Certaines fonctionn\u00e8rent bien. Ainsi, avaient-ils d\u00e9cid\u00e9 que nous livrerions l\u2019application et son source le dimanche avant 18 heures, avec deux objectifs. L\u2019un \u00e9tant de permettre aux 50 b\u00eata-testeurs, pr\u00e9-inscrits depuis un mois, d\u2019installer les applications sur leurs iPhone et les tester, et l\u2019autre de transmettre le code source \u00e0 <a href=\"http:\/\/cocoaheads.fr\">Guillaume Cerquant<\/a>, charg\u00e9 de d\u00e9cerner le prix du meilleur code. Cette organisation fut pertinente, puisqu\u2019\u00e0 18 heures, nous autres d\u00e9veloppeurs f\u00fbmes lib\u00e9r\u00e9s du travail, p\u00fbmes enfin nous restaurer et pr\u00e9parer la pr\u00e9sentation avec le porteur de projet.<\/p>\n<p>Autre succ\u00e8s, j\u2019ai constat\u00e9 que les b\u00eata testeurs ont bien jou\u00e9 le jeu et donn\u00e9 leurs avis. L\u2019engouement pour notre application est tr\u00e8s encourageant pour la suite.<\/p>\n<p>Autre nouveaut\u00e9, cette \u00e9dition fut la premi\u00e8re \u00e0 \u00eatre nationale; ne se d\u00e9roulant pas qu\u2019\u00e0 Paris, mais aussi \u00e0 Lyon et Marseille. Le succ\u00e8s de cette initiative est mitig\u00e9. D\u2019un c\u00f4t\u00e9, les \u00e9quipes provinciales ont bien travaill\u00e9, de l\u2019autre, les retransmissions vid\u00e9os entre les trois sites furent un \u00e9chec \u00e0 cause du LiveStream qui cr\u00e9ait un d\u00e9calage de pr\u00e8s d\u2019une minute, et ne permit pas aux spectateurs de vivre l&#8217;\u00e9v\u00e9nement. Cette infrastructure fit perdre trois heures \u00e0 tout le monde le samedi, et allongea \u00e9norm\u00e9ment la d\u00e9lib\u00e9ration du dimanche. Par ailleurs, les marseillais ne parvinrent pas \u00e0 faire fonctionner le LiveStream chez eux.<\/p>\n<p>Parlons un peu des id\u00e9es soumises au public. \u00c0 vrai dire, dans leur ensemble, elles ne m\u2019ont gu\u00e8re emball\u00e9. Peut-\u00eatre qu\u2019avec trois participations, je deviens blas\u00e9 ! Heureusement, l\u2019un des projets \u00e0 \u00e9t\u00e9 rep\u00each\u00e9 au dernier moment. Il s\u2019agit d\u2019iKado. Je suis heureux de la mani\u00e8re dont nous avons travaill\u00e9 durant ce week-end. Je me suis particuli\u00e8rement bien entendu avec toute l\u2019\u00e9quipe, Mathieu, le porteur de projet qui devint graphiste pour la circonstance, Anthony et Fran\u00e7ois-Julien, les deux autres d\u00e9veloppeurs venus de Marseille, et pass\u00e9s par Supinfo. Aussi, une rivalit\u00e9 sympathique se cr\u00e9a entre les trois \u00e9coles d\u2019ing\u00e9nieur repr\u00e9sent\u00e9es.<\/p>\n<figure id=\"attachment_216\" aria-describedby=\"caption-attachment-216\" style=\"width: 499px\" class=\"wp-caption aligncenter\"><a href=\"https:\/\/www.renaudpradenc.com\/?attachment_id=216\" rel=\"attachment wp-att-216\"><img loading=\"lazy\" decoding=\"async\" class=\"size-full wp-image-216\" alt=\"De gauche \u00e0 droite: Fran\u00e7ois-Julien, Anthony, moi et Mathieu.\" src=\"https:\/\/www.renaudpradenc.com\/wp-content\/uploads\/2011\/03\/IMG_0814-copie-1.jpg\" width=\"499\" height=\"374\" srcset=\"https:\/\/www.renaudpradenc.com\/wp-content\/uploads\/2011\/03\/IMG_0814-copie-1.jpg 499w, https:\/\/www.renaudpradenc.com\/wp-content\/uploads\/2011\/03\/IMG_0814-copie-1-300x224.jpg 300w\" sizes=\"auto, (max-width: 499px) 100vw, 499px\" \/><\/a><figcaption id=\"caption-attachment-216\" class=\"wp-caption-text\">De gauche \u00e0 droite: Fran\u00e7ois-Julien, Anthony, moi et Mathieu.<\/figcaption><\/figure>\n<p>Nous avons vraiment travaill\u00e9 tr\u00e8s dur. Le projet n\u00e9cessita la mise en place d\u2019un service web, aussi m\u2019y suis-je coll\u00e9 parce que j\u2019\u00e9tais le plus exp\u00e9riment\u00e9, malgr\u00e9 mon peu d\u2019exp\u00e9rience sur les technologies web. J\u2019ai donc laiss\u00e9 Fran\u00e7ois-Julien et Anthony travailler sur l\u2019application iPhone, quasiment autonomes. Je ne suis intervenu que pour d\u00e9boguer le programme de temps en temps, et leur expliquer quelques concepts. Leur code \u00e9tait plut\u00f4t propre, mais le dimanche matin, j\u2019ai travaill\u00e9 deux heures pour le r\u00e9arranger un peu.<\/p>\n<p>Malheureusement, je n\u2019ai pas avanc\u00e9 aussi vite que voulu sur la partie web, ce qui nous a oblig\u00e9 \u00e0 r\u00e9duire nos ambitions pour la pr\u00e9sentation du dimanche. L\u2019application finale fut quand m\u00eame fonctionnelle, assez pour expliquer clairement l\u2019int\u00e9r\u00eat au jury.<\/p>\n<p>Pour finir, sachez que parmi les trois prix d\u00e9cern\u00e9s, nous avons re\u00e7u le prix <a href=\"http:\/\/www.parrot.com\">Parrot<\/a>, du meilleur code, qui nous r\u00e9compensa chacun d\u2019un <a href=\"http:\/\/ardrone.parrot.com\/parrot-ar-drone\/fr\">AR Drone<\/a>\u00a0! Je n\u2019ai pas encore eu beaucoup de temps pour m\u2019exercer au pilotage, et je ne suis pour l\u2019instant pas tr\u00e8s brillant.<\/p>\n","protected":false},"excerpt":{"rendered":"<p>Me voil\u00e0 bien en retard pour parler de ma participation au quatri\u00e8me BeMyApp\u00a0qui eut lieu le week-end du 4 f\u00e9vrier. Rappelons qu\u2019il s\u2019agit d\u2019un concours consistant \u00e0 mettre au point une application mobile en un week-end. J\u2019avais d\u00e9j\u00e0 particip\u00e9 aux deux premi\u00e8res \u00e9ditions consacr\u00e9es \u00e0 l\u2019iPhone. Vous pourrez lire \u00e0 leur propos ici\u00a0et l\u00e0. \u00c0 [&hellip;]<\/p>\n","protected":false},"author":1,"featured_media":0,"comment_status":"open","ping_status":"open","sticky":false,"template":"","format":"standard","meta":{"footnotes":""},"categories":[1],"tags":[39],"class_list":["post-13","post","type-post","status-publish","format-standard","hentry","category-uncategorized","tag-bemyapp"],"_links":{"self":[{"href":"https:\/\/www.renaudpradenc.com\/index.php?rest_route=\/wp\/v2\/posts\/13","targetHints":{"allow":["GET"]}}],"collection":[{"href":"https:\/\/www.renaudpradenc.com\/index.php?rest_route=\/wp\/v2\/posts"}],"about":[{"href":"https:\/\/www.renaudpradenc.com\/index.php?rest_route=\/wp\/v2\/types\/post"}],"author":[{"embeddable":true,"href":"https:\/\/www.renaudpradenc.com\/index.php?rest_route=\/wp\/v2\/users\/1"}],"replies":[{"embeddable":true,"href":"https:\/\/www.renaudpradenc.com\/index.php?rest_route=%2Fwp%2Fv2%2Fcomments&post=13"}],"version-history":[{"count":4,"href":"https:\/\/www.renaudpradenc.com\/index.php?rest_route=\/wp\/v2\/posts\/13\/revisions"}],"predecessor-version":[{"id":106,"href":"https:\/\/www.renaudpradenc.com\/index.php?rest_route=\/wp\/v2\/posts\/13\/revisions\/106"}],"wp:attachment":[{"href":"https:\/\/www.renaudpradenc.com\/index.php?rest_route=%2Fwp%2Fv2%2Fmedia&parent=13"}],"wp:term":[{"taxonomy":"category","embeddable":true,"href":"https:\/\/www.renaudpradenc.com\/index.php?rest_route=%2Fwp%2Fv2%2Fcategories&post=13"},{"taxonomy":"post_tag","embeddable":true,"href":"https:\/\/www.renaudpradenc.com\/index.php?rest_route=%2Fwp%2Fv2%2Ftags&post=13"}],"curies":[{"name":"wp","href":"https:\/\/api.w.org\/{rel}","templated":true}]}}